{"id":1272,"date":"2013-06-07T08:39:18","date_gmt":"2013-06-07T06:39:18","guid":{"rendered":"https:\/\/conslione.esteri.it\/news\/dal_consolato\/2013\/06\/inps-accertamento-redditi-2\/"},"modified":"2013-06-07T08:39:18","modified_gmt":"2013-06-07T06:39:18","slug":"inps-accertamento-redditi-2","status":"publish","type":"post","link":"https:\/\/conslione.esteri.it\/fr\/news\/dal_consolato\/2013\/06\/inps-accertamento-redditi-2\/","title":{"rendered":"INPS (Institut National de Pr\u00e9voyance Sociale). Titulaires de Retraite r\u00e9sidents \u00e0 l\u2019Etranger. Proc\u00e9dure de v\u00e9rification des revenues pour l\u2019ann\u00e9e 2012."},"content":{"rendered":"<p><P style=\"TEXT-ALIGN: justify; MARGIN: 0cm 0cm 0pt\" class=\"MsoNormal\"><SPAN style=\"COLOR: black; FONT-SIZE: 11pt; mso-ansi-language: FR\" lang=\"FR\"><FONT face=\"Times New Roman\">Le Minist\u00e8re Italien des Affaires Etrang\u00e8res informe que l\u2019INPS est sur le point d\u2019exp\u00e9dier aux titulaires de retraite italienne r\u00e9sidents \u00e0 l\u2019\u00e9tranger un formulaire \u00e0 remplir concernant les revenus per\u00e7us en 2012.<?xml:namespace prefix = \"o\" ns = \"urn:schemas-microsoft-com:office:office\" \/><o:p><\/o:p><\/FONT><\/SPAN><\/P><P style=\"TEXT-ALIGN: justify; MARGIN: 0cm 0cm 0pt\" class=\"MsoNormal\"><FONT face=\"Times New Roman\"><SPAN style=\"COLOR: black; FONT-SIZE: 11pt; mso-ansi-language: FR\" lang=\"FR\">Les retrait\u00e9s concern\u00e9s pourront demander la collaboration des \u00abPATRONATI\u00bb et\/ou restituer eux-m\u00eames directement \u00e0 l\u2019INPS les formulaires dument remplis, selon les modalit\u00e9s pr\u00e9vues, avant le <\/SPAN><B style=\"mso-bidi-font-weight: normal\"><U><SPAN style=\"COLOR: navy; mso-ansi-language: FR; mso-bidi-font-size: 12.0pt\" lang=\"FR\"><FONT size=\"3\">31 Juillet 2013<\/FONT><\/SPAN><\/U><\/B><SPAN style=\"COLOR: black; FONT-SIZE: 11pt; mso-ansi-language: FR\" lang=\"FR\">.<o:p><\/o:p><\/SPAN><\/FONT><\/P><br \/>\n<P style=\"TEXT-ALIGN: justify; MARGIN: 0cm 0cm 0pt\" class=\"MsoNormal\"><FONT face=\"Times New Roman\"><U><SPAN style=\"COLOR: navy; FONT-SIZE: 11pt; mso-ansi-language: FR\" lang=\"FR\">La non-pr\u00e9sentation de la d\u00e9claration dans le d\u00e9lai indiqu\u00e9 pourrait entrainer des retards ou la suspension temporaire du paiement de la retraite.<\/SPAN><\/U><SPAN style=\"COLOR: black; FONT-SIZE: 11pt; mso-ansi-language: FR\" lang=\"FR\"><o:p><\/o:p><\/SPAN><\/FONT><\/P><br \/>\n<P style=\"TEXT-ALIGN: justify; MARGIN: 0cm 0cm 0pt\" class=\"MsoNormal\"><SPAN style=\"COLOR: black; FONT-SIZE: 11pt; mso-ansi-language: FR\" lang=\"FR\"><FONT face=\"Times New Roman\">En annexe: Circulaire du Minist\u00e8re des Affaires Etrang\u00e8res et formulaire INPS. <\/FONT><\/SPAN><\/P><br \/>\n<P style=\"TEXT-ALIGN: justify; MARGIN: 0cm 0cm 0pt\" class=\"MsoNormal\"><SPAN style=\"COLOR: black; FONT-SIZE: 11pt; mso-ansi-language: FR\" lang=\"FR\"><FONT face=\"Times New Roman\"><\/FONT><\/SPAN>\u00a0<\/P><br \/>\n<P style=\"TEXT-ALIGN: justify; MARGIN: 0cm 0cm 0pt\" class=\"MsoNormal\"><SPAN style=\"COLOR: black; FONT-SIZE: 11pt; mso-ansi-language: FR\" lang=\"FR\"><FONT face=\"Times New Roman\"><o:p><A href=\"\/resource\/2013\/06\/19206_f_cons97INPSAccertamentoRedditi1.pdf\">INPS &#8211; Procedura Accertamento Redditi<\/A><\/o:p><\/FONT><\/SPAN><\/P><\/p>\n","protected":false},"excerpt":{"rendered":"Le Minist\u00e8re Italien des Affaires Etrang\u00e8res informe que l\u2019INPS est sur le point d\u2019exp\u00e9dier aux titulaires de retraite italienne r\u00e9sidents \u00e0 l\u2019\u00e9tranger un formulaire \u00e0 remplir concernant les revenus per\u00e7us en 2012.Les retrait\u00e9s concern\u00e9s pourront demander la collaboration des \u00abPATRONATI\u00bb et\/ou restituer eux-m\u00eames directement \u00e0 l\u2019INPS les formulaires dument remplis, selon les modalit\u00e9s pr\u00e9vues, avant [&hellip;]","protected":false},"author":1,"featured_media":0,"comment_status":"","ping_status":"","sticky":false,"template":"","format":"standard","meta":{"footnotes":""},"tags":[],"class_list":["post-1272","post","type-post","status-publish","format-standard","hentry"],"_links":{"self":[{"href":"https:\/\/conslione.esteri.it\/fr\/wp-json\/wp\/v2\/posts\/1272","targetHints":{"allow":["GET"]}}],"collection":[{"href":"https:\/\/conslione.esteri.it\/fr\/wp-json\/wp\/v2\/posts"}],"about":[{"href":"https:\/\/conslione.esteri.it\/fr\/wp-json\/wp\/v2\/types\/post"}],"author":[{"embeddable":true,"href":"https:\/\/conslione.esteri.it\/fr\/wp-json\/wp\/v2\/users\/1"}],"replies":[{"embeddable":true,"href":"https:\/\/conslione.esteri.it\/fr\/wp-json\/wp\/v2\/comments?post=1272"}],"version-history":[{"count":0,"href":"https:\/\/conslione.esteri.it\/fr\/wp-json\/wp\/v2\/posts\/1272\/revisions"}],"wp:attachment":[{"href":"https:\/\/conslione.esteri.it\/fr\/wp-json\/wp\/v2\/media?parent=1272"}],"wp:term":[{"taxonomy":"post_tag","embeddable":true,"href":"https:\/\/conslione.esteri.it\/fr\/wp-json\/wp\/v2\/tags?post=1272"}],"curies":[{"name":"wp","href":"https:\/\/api.w.org\/{rel}","templated":true}]}}