{"id":5921,"date":"2026-09-03T13:32:23","date_gmt":"2026-09-03T11:32:23","guid":{"rendered":"https:\/\/conslione.esteri.it\/?p=5921"},"modified":"2026-09-03T13:40:54","modified_gmt":"2026-09-03T11:40:54","slug":"indizione-delle-elezioni-dei-comites-2","status":"publish","type":"post","link":"https:\/\/conslione.esteri.it\/it\/news\/dal_consolato\/2026\/09\/indizione-delle-elezioni-dei-comites-2\/","title":{"rendered":"Indizione delle elezioni dei Com.It.Es. 2026"},"content":{"rendered":"<p>Con Decreto del Capo dell\u2019Ufficio consolare di Lione sono indette le elezioni per l\u2019istituzione e il rinnovo dei Comitati degli Italiani all\u2019estero (Com.It.Es.) di Lione e di Chambery.<\/p>\n<p>La data delle elezioni \u00e8 fissata al 4 dicembre 2026. Tale data corrisponde all\u2019ultimo giorno utile per far pervenire al questo Consolato Generale la busta contenente la propria scheda elettorale votata.<\/p>\n<p>Per partecipare al voto occorre iscriversi nell\u2019elenco degli elettori di questo Consolato Generale facendo pervenire <u>apposita domanda di opzione entro e non oltre il 4 novembre 2026<\/u>.<\/p>\n<p>Si ricorda che il Com.It.Es. di Lione ha competenza territoriale per i seguenti dipartimenti:<\/p>\n<ul>\n<li>Ain (01), Ard\u00e8che (07), Dr\u00f4me (26), Is\u00e8re (38), Loira (42) e Rodano (69) (Rodano-Alpi)<\/li>\n<li>Allier (03), Cantal (15), Haute-Loire (43) e Puy-de-D\u00f4me (63) (Alvernia)<\/li>\n<li>Corr\u00e8ze (19), Creuse (23) e Haute-Vienne (87) (Limousin)<\/li>\n<li>Ni\u00e8vre (58) e Sa\u00f4ne-et-Loire (71). (Borgogna)<\/li>\n<\/ul>\n<p>Il Comitato di Chambery ha competenza territoriale per i dipartimenti della Savoia (73) e Alta Savoia (74).<\/p>\n<p>Per entrambe i Comitati saranno eletti 12 membri, sulla base della consistenza delle rispettive collettivit\u00e0 residenti.<\/p>\n<p>Con il citato Decreto si istituisce anche l\u2019Ufficio elettorale adibito alle operazioni elettorali.<\/p>\n<p>Tutte le informazioni aggiornate sono pubblicate nella sessione dedicata alle elezioni dei Com.It.es. disponibile a <a href=\"https:\/\/conslione.esteri.it\/it\/servizi-consolari-e-visti\/servizi-per-il-cittadino-italiano\/servizi-elettorali\/elezioni-comites\/elezioni-com-it-es-2026\/\">questo link<\/a>.<\/p>\n<p><a href=\"https:\/\/conslione.esteri.it\/wp-content\/uploads\/2026\/09\/2026-09-03-CG-Lione-Decreto_-indizione_elezioni__Comites_2026_Firmato.pdf\" target=\"_blank\" rel=\"noopener\">LEGGI IL DECRETO<\/a><\/p>\n<p>Maggiori informazioni sono disponibili su questo sito internet nella <a href=\"https:\/\/conslione.esteri.it\/it\/servizi-consolari-e-visti\/servizi-per-il-cittadino-italiano\/servizi-elettorali\/elezioni-comites\/elezioni-com-it-es-2026\/\" target=\"_blank\" rel=\"noopener\">sezione dedicata alle elezioni dei Com.It.Es 2026<\/a><\/p>\n","protected":false},"excerpt":{"rendered":"Con Decreto del Capo dell\u2019Ufficio consolare di Lione sono indette le elezioni per l\u2019istituzione e il rinnovo dei Comitati degli Italiani all\u2019estero (Com.It.Es.) di Lione e di Chambery. La data delle elezioni \u00e8 fissata al 4 dicembre 2026. Tale data corrisponde all\u2019ultimo giorno utile per far pervenire al questo Consolato Generale la busta contenente la [&hellip;]","protected":false},"author":14,"featured_media":5761,"comment_status":"closed","ping_status":"closed","sticky":false,"template":"","format":"standard","meta":{"footnotes":""},"tags":[],"class_list":["post-5921","post","type-post","status-publish","format-standard","has-post-thumbnail","hentry"],"_links":{"self":[{"href":"https:\/\/conslione.esteri.it\/it\/wp-json\/wp\/v2\/posts\/5921","targetHints":{"allow":["GET"]}}],"collection":[{"href":"https:\/\/conslione.esteri.it\/it\/wp-json\/wp\/v2\/posts"}],"about":[{"href":"https:\/\/conslione.esteri.it\/it\/wp-json\/wp\/v2\/types\/post"}],"author":[{"embeddable":true,"href":"https:\/\/conslione.esteri.it\/it\/wp-json\/wp\/v2\/users\/14"}],"replies":[{"embeddable":true,"href":"https:\/\/conslione.esteri.it\/it\/wp-json\/wp\/v2\/comments?post=5921"}],"version-history":[{"count":4,"href":"https:\/\/conslione.esteri.it\/it\/wp-json\/wp\/v2\/posts\/5921\/revisions"}],"predecessor-version":[{"id":5936,"href":"https:\/\/conslione.esteri.it\/it\/wp-json\/wp\/v2\/posts\/5921\/revisions\/5936"}],"wp:featuredmedia":[{"embeddable":true,"href":"https:\/\/conslione.esteri.it\/it\/wp-json\/wp\/v2\/media\/5761"}],"wp:attachment":[{"href":"https:\/\/conslione.esteri.it\/it\/wp-json\/wp\/v2\/media?parent=5921"}],"wp:term":[{"taxonomy":"post_tag","embeddable":true,"href":"https:\/\/conslione.esteri.it\/it\/wp-json\/wp\/v2\/tags?post=5921"}],"curies":[{"name":"wp","href":"https:\/\/api.w.org\/{rel}","templated":true}]}}